{"id":1184,"date":"2020-06-14T20:04:21","date_gmt":"2020-06-14T20:04:21","guid":{"rendered":"http:\/\/www.gfaop.org\/institut\/?p=1184"},"modified":"2020-11-27T14:15:06","modified_gmt":"2020-11-27T13:15:06","slug":"a-sikasso-mali-formation-au-diagnostic-precoce-des-cancers-de-lenfant","status":"publish","type":"post","link":"https:\/\/www.gfaop.org\/institut\/blog\/2020\/06\/14\/a-sikasso-mali-formation-au-diagnostic-precoce-des-cancers-de-lenfant\/","title":{"rendered":"A Sikasso ( Mali) Formation au diagnostic pr\u00e9coce des cancers de l&#8217;enfant"},"content":{"rendered":"<p>&nbsp;<\/p>\n<p><strong>Vendredi 12 juin<\/strong>\u00a0 a eu lieu une formation \u00e0 destination du personnel de sant\u00e9 de la r\u00e9gion de Sikasso.<br \/>\nInitialement pr\u00e9vue en mars cette formation avait \u00e9t\u00e9 d\u00e9cal\u00e9e pour cause de COVID.<\/p>\n<div class=\"text_exposed_show\">\n<p>L&#8217;objectif est de former les soignants \u00e0 reconnaitre les signes \u00e9vocateurs des cancers p\u00e9diatriques et \u00e0 connaitre la conduite \u00e0 tenir en cas de doute, notamment orienter rapidement les enfants vers les structures sp\u00e9cialis\u00e9es .<\/p>\n<p>Un diagnostic pr\u00e9coce et la mise en place d&#8217;un traitement rapide augmentent consid\u00e9rablement les chances de gu\u00e9rison.<\/p>\n<p>Ce programme a \u00e9t\u00e9 \u00e9labor\u00e9 \u00e0 l&#8217;Institut Jean Lemerle de Dakar, il est d\u00e9clin\u00e9 dans de nombreux pays .<img decoding=\"async\" loading=\"lazy\" class=\" wp-image-1185 alignleft\" src=\"http:\/\/www.gfaop.org\/institut\/wp-content\/uploads\/sites\/3\/2020\/06\/PHOTO-2020-06-12-15-09-01-300x225.jpg\" alt=\"\" width=\"284\" height=\"213\" srcset=\"https:\/\/www.gfaop.org\/institut\/wp-content\/uploads\/sites\/3\/2020\/06\/PHOTO-2020-06-12-15-09-01-300x225.jpg 300w, https:\/\/www.gfaop.org\/institut\/wp-content\/uploads\/sites\/3\/2020\/06\/PHOTO-2020-06-12-15-09-01-768x576.jpg 768w, https:\/\/www.gfaop.org\/institut\/wp-content\/uploads\/sites\/3\/2020\/06\/PHOTO-2020-06-12-15-09-01.jpg 992w\" sizes=\"(max-width: 284px) 100vw, 284px\" \/><\/p>\n<figure id=\"attachment_1186\" aria-describedby=\"caption-attachment-1186\" style=\"width: 269px\" class=\"wp-caption alignleft\"><img decoding=\"async\" loading=\"lazy\" class=\" wp-image-1186\" src=\"http:\/\/www.gfaop.org\/institut\/wp-content\/uploads\/sites\/3\/2020\/06\/PHOTO-2020-06-12-15-09-03-300x225.jpg\" alt=\"\" width=\"269\" height=\"202\" srcset=\"https:\/\/www.gfaop.org\/institut\/wp-content\/uploads\/sites\/3\/2020\/06\/PHOTO-2020-06-12-15-09-03-300x225.jpg 300w, https:\/\/www.gfaop.org\/institut\/wp-content\/uploads\/sites\/3\/2020\/06\/PHOTO-2020-06-12-15-09-03-768x576.jpg 768w, https:\/\/www.gfaop.org\/institut\/wp-content\/uploads\/sites\/3\/2020\/06\/PHOTO-2020-06-12-15-09-03.jpg 992w\" sizes=\"(max-width: 269px) 100vw, 269px\" \/><figcaption id=\"caption-attachment-1186\" class=\"wp-caption-text\">Formation DP Sikasso juin 2020<\/figcaption><\/figure>\n<\/div>\n","protected":false},"excerpt":{"rendered":"<p>&nbsp; Vendredi 12 juin\u00a0 a eu lieu une formation \u00e0 destination du personnel de sant\u00e9 de la r\u00e9gion de Sikasso. Initialement pr\u00e9vue en mars cette formation avait \u00e9t\u00e9 d\u00e9cal\u00e9e pour cause de COVID. L&#8217;objectif est de former les soignants \u00e0 reconnaitre les signes \u00e9vocateurs des cancers p\u00e9diatriques et \u00e0 connaitre la conduite \u00e0 tenir en [&hellip;]<\/p>\n","protected":false},"author":10,"featured_media":1185,"comment_status":"open","ping_status":"open","sticky":false,"template":"","format":"standard","meta":{"footnotes":"","_links_to":"","_links_to_target":""},"categories":[1],"tags":[],"yoast_head":"<!-- This site is optimized with the Yoast SEO Premium plugin v20.4 (Yoast SEO v20.4) - https:\/\/yoast.com\/wordpress\/plugins\/seo\/ -->\n<title>A Sikasso ( Mali) Formation au diagnostic pr\u00e9coce des cancers de l&#039;enfant - Institut Jean Lemerle<\/title>\n<meta name=\"description\" content=\"Professionnels de sant\u00e9 ayant b\u00e9n\u00e9fici\u00e9 d&#039;une formation au diagnostic pr\u00e9coce des cancers infantiles pour augmenter les chances de gu\u00e9rison\" \/>\n<meta name=\"robots\" content=\"index, follow, max-snippet:-1, max-image-preview:large, max-video-preview:-1\" \/>\n<link rel=\"canonical\" href=\"https:\/\/www.gfaop.org\/institut\/blog\/2020\/06\/14\/a-sikasso-mali-formation-au-diagnostic-precoce-des-cancers-de-lenfant\/\" \/>\n<meta property=\"og:locale\" content=\"fr_FR\" \/>\n<meta property=\"og:type\" content=\"article\" \/>\n<meta property=\"og:title\" content=\"A Sikasso ( Mali) Formation au diagnostic pr\u00e9coce des cancers de l&#039;enfant\" \/>\n<meta property=\"og:description\" content=\"Professionnels de sant\u00e9 ayant b\u00e9n\u00e9fici\u00e9 d&#039;une formation au diagnostic pr\u00e9coce des cancers infantiles pour augmenter les chances de gu\u00e9rison\" \/>\n<meta property=\"og:url\" content=\"https:\/\/www.gfaop.org\/institut\/blog\/2020\/06\/14\/a-sikasso-mali-formation-au-diagnostic-precoce-des-cancers-de-lenfant\/\" \/>\n<meta property=\"og:site_name\" content=\"Institut Jean Lemerle\" \/>\n<meta property=\"article:published_time\" content=\"2020-06-14T20:04:21+00:00\" \/>\n<meta property=\"article:modified_time\" content=\"2020-11-27T13:15:06+00:00\" \/>\n<meta property=\"og:image\" content=\"https:\/\/www.gfaop.org\/institut\/wp-content\/uploads\/sites\/3\/2020\/06\/PHOTO-2020-06-12-15-09-01.jpg\" \/>\n\t<meta property=\"og:image:width\" content=\"992\" \/>\n\t<meta property=\"og:image:height\" content=\"744\" \/>\n\t<meta property=\"og:image:type\" content=\"image\/jpeg\" \/>\n<meta name=\"author\" content=\"milykim\" \/>\n<meta name=\"twitter:card\" content=\"summary_large_image\" \/>\n<meta name=\"twitter:label1\" content=\"\u00c9crit par\" \/>\n\t<meta name=\"twitter:data1\" content=\"milykim\" \/>\n\t<meta name=\"twitter:label2\" content=\"Dur\u00e9e de lecture estim\u00e9e\" \/>\n\t<meta name=\"twitter:data2\" content=\"1 minute\" \/>\n<script type=\"application\/ld+json\" class=\"yoast-schema-graph\">{\"@context\":\"https:\/\/schema.org\",\"@graph\":[{\"@type\":\"Article\",\"@id\":\"https:\/\/www.gfaop.org\/institut\/blog\/2020\/06\/14\/a-sikasso-mali-formation-au-diagnostic-precoce-des-cancers-de-lenfant\/#article\",\"isPartOf\":{\"@id\":\"https:\/\/www.gfaop.org\/institut\/blog\/2020\/06\/14\/a-sikasso-mali-formation-au-diagnostic-precoce-des-cancers-de-lenfant\/\"},\"author\":{\"name\":\"milykim\",\"@id\":\"https:\/\/www.gfaop.org\/institut\/#\/schema\/person\/332405c35c6225e9c9c32956767b5e28\"},\"headline\":\"A Sikasso ( Mali) Formation au diagnostic pr\u00e9coce des cancers de l&#8217;enfant\",\"datePublished\":\"2020-06-14T20:04:21+00:00\",\"dateModified\":\"2020-11-27T13:15:06+00:00\",\"mainEntityOfPage\":{\"@id\":\"https:\/\/www.gfaop.org\/institut\/blog\/2020\/06\/14\/a-sikasso-mali-formation-au-diagnostic-precoce-des-cancers-de-lenfant\/\"},\"wordCount\":130,\"commentCount\":0,\"publisher\":{\"@id\":\"https:\/\/www.gfaop.org\/institut\/#organization\"},\"articleSection\":[\"Uncategorized\"],\"inLanguage\":\"fr-FR\",\"potentialAction\":[{\"@type\":\"CommentAction\",\"name\":\"Comment\",\"target\":[\"https:\/\/www.gfaop.org\/institut\/blog\/2020\/06\/14\/a-sikasso-mali-formation-au-diagnostic-precoce-des-cancers-de-lenfant\/#respond\"]}]},{\"@type\":\"WebPage\",\"@id\":\"https:\/\/www.gfaop.org\/institut\/blog\/2020\/06\/14\/a-sikasso-mali-formation-au-diagnostic-precoce-des-cancers-de-lenfant\/\",\"url\":\"https:\/\/www.gfaop.org\/institut\/blog\/2020\/06\/14\/a-sikasso-mali-formation-au-diagnostic-precoce-des-cancers-de-lenfant\/\",\"name\":\"A Sikasso ( Mali) Formation au diagnostic pr\u00e9coce des cancers de l'enfant - Institut Jean Lemerle\",\"isPartOf\":{\"@id\":\"https:\/\/www.gfaop.org\/institut\/#website\"},\"datePublished\":\"2020-06-14T20:04:21+00:00\",\"dateModified\":\"2020-11-27T13:15:06+00:00\",\"description\":\"Professionnels de sant\u00e9 ayant b\u00e9n\u00e9fici\u00e9 d'une formation au diagnostic pr\u00e9coce des cancers infantiles pour augmenter les chances de gu\u00e9rison\",\"breadcrumb\":{\"@id\":\"https:\/\/www.gfaop.org\/institut\/blog\/2020\/06\/14\/a-sikasso-mali-formation-au-diagnostic-precoce-des-cancers-de-lenfant\/#breadcrumb\"},\"inLanguage\":\"fr-FR\",\"potentialAction\":[{\"@type\":\"ReadAction\",\"target\":[\"https:\/\/www.gfaop.org\/institut\/blog\/2020\/06\/14\/a-sikasso-mali-formation-au-diagnostic-precoce-des-cancers-de-lenfant\/\"]}]},{\"@type\":\"BreadcrumbList\",\"@id\":\"https:\/\/www.gfaop.org\/institut\/blog\/2020\/06\/14\/a-sikasso-mali-formation-au-diagnostic-precoce-des-cancers-de-lenfant\/#breadcrumb\",\"itemListElement\":[{\"@type\":\"ListItem\",\"position\":1,\"name\":\"Accueil\",\"item\":\"https:\/\/www.gfaop.org\/institut\/\"},{\"@type\":\"ListItem\",\"position\":2,\"name\":\"A Sikasso ( Mali) Formation au diagnostic pr\u00e9coce des cancers de l&#8217;enfant\"}]},{\"@type\":\"WebSite\",\"@id\":\"https:\/\/www.gfaop.org\/institut\/#website\",\"url\":\"https:\/\/www.gfaop.org\/institut\/\",\"name\":\"Institut Jean Lemerle\",\"description\":\"\",\"publisher\":{\"@id\":\"https:\/\/www.gfaop.org\/institut\/#organization\"},\"potentialAction\":[{\"@type\":\"SearchAction\",\"target\":{\"@type\":\"EntryPoint\",\"urlTemplate\":\"https:\/\/www.gfaop.org\/institut\/?s={search_term_string}\"},\"query-input\":\"required name=search_term_string\"}],\"inLanguage\":\"fr-FR\"},{\"@type\":\"Organization\",\"@id\":\"https:\/\/www.gfaop.org\/institut\/#organization\",\"name\":\"Institut Jean Lemerle\",\"url\":\"https:\/\/www.gfaop.org\/institut\/\",\"logo\":{\"@type\":\"ImageObject\",\"inLanguage\":\"fr-FR\",\"@id\":\"https:\/\/www.gfaop.org\/institut\/#\/schema\/logo\/image\/\",\"url\":\"https:\/\/www.gfaop.org\/institut\/wp-content\/uploads\/sites\/3\/2024\/03\/GFAOP_Logo_Horizontal_baseline_sans_fond.png\",\"contentUrl\":\"https:\/\/www.gfaop.org\/institut\/wp-content\/uploads\/sites\/3\/2024\/03\/GFAOP_Logo_Horizontal_baseline_sans_fond.png\",\"width\":6211,\"height\":1821,\"caption\":\"Institut Jean Lemerle\"},\"image\":{\"@id\":\"https:\/\/www.gfaop.org\/institut\/#\/schema\/logo\/image\/\"}},{\"@type\":\"Person\",\"@id\":\"https:\/\/www.gfaop.org\/institut\/#\/schema\/person\/332405c35c6225e9c9c32956767b5e28\",\"name\":\"milykim\",\"image\":{\"@type\":\"ImageObject\",\"inLanguage\":\"fr-FR\",\"@id\":\"https:\/\/www.gfaop.org\/institut\/#\/schema\/person\/image\/\",\"url\":\"https:\/\/secure.gravatar.com\/avatar\/1701ea2c3c90dc5f07865ebcbb6b3eb7?s=96&d=mm&r=g\",\"contentUrl\":\"https:\/\/secure.gravatar.com\/avatar\/1701ea2c3c90dc5f07865ebcbb6b3eb7?s=96&d=mm&r=g\",\"caption\":\"milykim\"},\"url\":\"https:\/\/www.gfaop.org\/institut\/blog\/author\/milykim\/\"}]}<\/script>\n<!-- \/ Yoast SEO Premium plugin. -->","yoast_head_json":{"title":"A Sikasso ( Mali) Formation au diagnostic pr\u00e9coce des cancers de l'enfant - Institut Jean Lemerle","description":"Professionnels de sant\u00e9 ayant b\u00e9n\u00e9fici\u00e9 d'une formation au diagnostic pr\u00e9coce des cancers infantiles pour augmenter les chances de gu\u00e9rison","robots":{"index":"index","follow":"follow","max-snippet":"max-snippet:-1","max-image-preview":"max-image-preview:large","max-video-preview":"max-video-preview:-1"},"canonical":"https:\/\/www.gfaop.org\/institut\/blog\/2020\/06\/14\/a-sikasso-mali-formation-au-diagnostic-precoce-des-cancers-de-lenfant\/","og_locale":"fr_FR","og_type":"article","og_title":"A Sikasso ( Mali) Formation au diagnostic pr\u00e9coce des cancers de l'enfant","og_description":"Professionnels de sant\u00e9 ayant b\u00e9n\u00e9fici\u00e9 d'une formation au diagnostic pr\u00e9coce des cancers infantiles pour augmenter les chances de gu\u00e9rison","og_url":"https:\/\/www.gfaop.org\/institut\/blog\/2020\/06\/14\/a-sikasso-mali-formation-au-diagnostic-precoce-des-cancers-de-lenfant\/","og_site_name":"Institut Jean Lemerle","article_published_time":"2020-06-14T20:04:21+00:00","article_modified_time":"2020-11-27T13:15:06+00:00","og_image":[{"width":992,"height":744,"url":"https:\/\/www.gfaop.org\/institut\/wp-content\/uploads\/sites\/3\/2020\/06\/PHOTO-2020-06-12-15-09-01.jpg","type":"image\/jpeg"}],"author":"milykim","twitter_card":"summary_large_image","twitter_misc":{"\u00c9crit par":"milykim","Dur\u00e9e de lecture estim\u00e9e":"1 minute"},"schema":{"@context":"https:\/\/schema.org","@graph":[{"@type":"Article","@id":"https:\/\/www.gfaop.org\/institut\/blog\/2020\/06\/14\/a-sikasso-mali-formation-au-diagnostic-precoce-des-cancers-de-lenfant\/#article","isPartOf":{"@id":"https:\/\/www.gfaop.org\/institut\/blog\/2020\/06\/14\/a-sikasso-mali-formation-au-diagnostic-precoce-des-cancers-de-lenfant\/"},"author":{"name":"milykim","@id":"https:\/\/www.gfaop.org\/institut\/#\/schema\/person\/332405c35c6225e9c9c32956767b5e28"},"headline":"A Sikasso ( Mali) Formation au diagnostic pr\u00e9coce des cancers de l&#8217;enfant","datePublished":"2020-06-14T20:04:21+00:00","dateModified":"2020-11-27T13:15:06+00:00","mainEntityOfPage":{"@id":"https:\/\/www.gfaop.org\/institut\/blog\/2020\/06\/14\/a-sikasso-mali-formation-au-diagnostic-precoce-des-cancers-de-lenfant\/"},"wordCount":130,"commentCount":0,"publisher":{"@id":"https:\/\/www.gfaop.org\/institut\/#organization"},"articleSection":["Uncategorized"],"inLanguage":"fr-FR","potentialAction":[{"@type":"CommentAction","name":"Comment","target":["https:\/\/www.gfaop.org\/institut\/blog\/2020\/06\/14\/a-sikasso-mali-formation-au-diagnostic-precoce-des-cancers-de-lenfant\/#respond"]}]},{"@type":"WebPage","@id":"https:\/\/www.gfaop.org\/institut\/blog\/2020\/06\/14\/a-sikasso-mali-formation-au-diagnostic-precoce-des-cancers-de-lenfant\/","url":"https:\/\/www.gfaop.org\/institut\/blog\/2020\/06\/14\/a-sikasso-mali-formation-au-diagnostic-precoce-des-cancers-de-lenfant\/","name":"A Sikasso ( Mali) Formation au diagnostic pr\u00e9coce des cancers de l'enfant - Institut Jean Lemerle","isPartOf":{"@id":"https:\/\/www.gfaop.org\/institut\/#website"},"datePublished":"2020-06-14T20:04:21+00:00","dateModified":"2020-11-27T13:15:06+00:00","description":"Professionnels de sant\u00e9 ayant b\u00e9n\u00e9fici\u00e9 d'une formation au diagnostic pr\u00e9coce des cancers infantiles pour augmenter les chances de gu\u00e9rison","breadcrumb":{"@id":"https:\/\/www.gfaop.org\/institut\/blog\/2020\/06\/14\/a-sikasso-mali-formation-au-diagnostic-precoce-des-cancers-de-lenfant\/#breadcrumb"},"inLanguage":"fr-FR","potentialAction":[{"@type":"ReadAction","target":["https:\/\/www.gfaop.org\/institut\/blog\/2020\/06\/14\/a-sikasso-mali-formation-au-diagnostic-precoce-des-cancers-de-lenfant\/"]}]},{"@type":"BreadcrumbList","@id":"https:\/\/www.gfaop.org\/institut\/blog\/2020\/06\/14\/a-sikasso-mali-formation-au-diagnostic-precoce-des-cancers-de-lenfant\/#breadcrumb","itemListElement":[{"@type":"ListItem","position":1,"name":"Accueil","item":"https:\/\/www.gfaop.org\/institut\/"},{"@type":"ListItem","position":2,"name":"A Sikasso ( Mali) Formation au diagnostic pr\u00e9coce des cancers de l&#8217;enfant"}]},{"@type":"WebSite","@id":"https:\/\/www.gfaop.org\/institut\/#website","url":"https:\/\/www.gfaop.org\/institut\/","name":"Institut Jean Lemerle","description":"","publisher":{"@id":"https:\/\/www.gfaop.org\/institut\/#organization"},"potentialAction":[{"@type":"SearchAction","target":{"@type":"EntryPoint","urlTemplate":"https:\/\/www.gfaop.org\/institut\/?s={search_term_string}"},"query-input":"required name=search_term_string"}],"inLanguage":"fr-FR"},{"@type":"Organization","@id":"https:\/\/www.gfaop.org\/institut\/#organization","name":"Institut Jean Lemerle","url":"https:\/\/www.gfaop.org\/institut\/","logo":{"@type":"ImageObject","inLanguage":"fr-FR","@id":"https:\/\/www.gfaop.org\/institut\/#\/schema\/logo\/image\/","url":"https:\/\/www.gfaop.org\/institut\/wp-content\/uploads\/sites\/3\/2024\/03\/GFAOP_Logo_Horizontal_baseline_sans_fond.png","contentUrl":"https:\/\/www.gfaop.org\/institut\/wp-content\/uploads\/sites\/3\/2024\/03\/GFAOP_Logo_Horizontal_baseline_sans_fond.png","width":6211,"height":1821,"caption":"Institut Jean Lemerle"},"image":{"@id":"https:\/\/www.gfaop.org\/institut\/#\/schema\/logo\/image\/"}},{"@type":"Person","@id":"https:\/\/www.gfaop.org\/institut\/#\/schema\/person\/332405c35c6225e9c9c32956767b5e28","name":"milykim","image":{"@type":"ImageObject","inLanguage":"fr-FR","@id":"https:\/\/www.gfaop.org\/institut\/#\/schema\/person\/image\/","url":"https:\/\/secure.gravatar.com\/avatar\/1701ea2c3c90dc5f07865ebcbb6b3eb7?s=96&d=mm&r=g","contentUrl":"https:\/\/secure.gravatar.com\/avatar\/1701ea2c3c90dc5f07865ebcbb6b3eb7?s=96&d=mm&r=g","caption":"milykim"},"url":"https:\/\/www.gfaop.org\/institut\/blog\/author\/milykim\/"}]}},"_links":{"self":[{"href":"https:\/\/www.gfaop.org\/institut\/wp-json\/wp\/v2\/posts\/1184"}],"collection":[{"href":"https:\/\/www.gfaop.org\/institut\/wp-json\/wp\/v2\/posts"}],"about":[{"href":"https:\/\/www.gfaop.org\/institut\/wp-json\/wp\/v2\/types\/post"}],"author":[{"embeddable":true,"href":"https:\/\/www.gfaop.org\/institut\/wp-json\/wp\/v2\/users\/10"}],"replies":[{"embeddable":true,"href":"https:\/\/www.gfaop.org\/institut\/wp-json\/wp\/v2\/comments?post=1184"}],"version-history":[{"count":2,"href":"https:\/\/www.gfaop.org\/institut\/wp-json\/wp\/v2\/posts\/1184\/revisions"}],"predecessor-version":[{"id":1250,"href":"https:\/\/www.gfaop.org\/institut\/wp-json\/wp\/v2\/posts\/1184\/revisions\/1250"}],"wp:featuredmedia":[{"embeddable":true,"href":"https:\/\/www.gfaop.org\/institut\/wp-json\/wp\/v2\/media\/1185"}],"wp:attachment":[{"href":"https:\/\/www.gfaop.org\/institut\/wp-json\/wp\/v2\/media?parent=1184"}],"wp:term":[{"taxonomy":"category","embeddable":true,"href":"https:\/\/www.gfaop.org\/institut\/wp-json\/wp\/v2\/categories?post=1184"},{"taxonomy":"post_tag","embeddable":true,"href":"https:\/\/www.gfaop.org\/institut\/wp-json\/wp\/v2\/tags?post=1184"}],"curies":[{"name":"wp","href":"https:\/\/api.w.org\/{rel}","templated":true}]}}