{"id":1287,"date":"2020-12-10T09:05:08","date_gmt":"2020-12-10T08:05:08","guid":{"rendered":"https:\/\/www.gfaop.org\/institut\/?p=1287"},"modified":"2020-12-10T09:05:08","modified_gmt":"2020-12-10T08:05:08","slug":"les-formations-au-diagnostic-precoce-ont-pu-reprendre-au-senegal","status":"publish","type":"post","link":"https:\/\/www.gfaop.org\/institut\/blog\/2020\/12\/10\/les-formations-au-diagnostic-precoce-ont-pu-reprendre-au-senegal\/","title":{"rendered":"Les formations au diagnostic pr\u00e9coce ont pu reprendre au S\u00e9n\u00e9gal"},"content":{"rendered":"<p>Interrompu pendant plusieurs mois pour cause de pand\u00e9mie de COVID-19, le programme de formation au Diagnostic Pr\u00e9coce des cancers de l\u2019enfant a repris au mois de novembre S\u00e9n\u00e9gal.<\/p>\n<p>Ce sont ainsi 44 infirmiers, de la r\u00e9gion de Mbour qui ont pu apprendre \u00e0 identifier les premiers signes d\u2019un cancer et \u00e0 \u00a0r\u00e9f\u00e9rer rapidement l\u2019enfant vers le service de r\u00e9f\u00e9rence au sein de l\u2019h\u00f4pital Aristide le Dantec.<\/p>\n<figure id=\"attachment_1288\" aria-describedby=\"caption-attachment-1288\" style=\"width: 300px\" class=\"wp-caption alignleft\"><img decoding=\"async\" loading=\"lazy\" class=\"size-medium wp-image-1288\" src=\"https:\/\/www.gfaop.org\/institut\/wp-content\/uploads\/sites\/3\/2020\/12\/DP-Se\u0301ne\u0301-nov-203-300x225.jpg\" alt=\"\" width=\"300\" height=\"225\" srcset=\"https:\/\/www.gfaop.org\/institut\/wp-content\/uploads\/sites\/3\/2020\/12\/DP-Se\u0301ne\u0301-nov-203-300x225.jpg 300w, https:\/\/www.gfaop.org\/institut\/wp-content\/uploads\/sites\/3\/2020\/12\/DP-Se\u0301ne\u0301-nov-203-1024x768.jpg 1024w, https:\/\/www.gfaop.org\/institut\/wp-content\/uploads\/sites\/3\/2020\/12\/DP-Se\u0301ne\u0301-nov-203-768x576.jpg 768w, https:\/\/www.gfaop.org\/institut\/wp-content\/uploads\/sites\/3\/2020\/12\/DP-Se\u0301ne\u0301-nov-203.jpg 1040w\" sizes=\"(max-width: 300px) 100vw, 300px\" \/><figcaption id=\"caption-attachment-1288\" class=\"wp-caption-text\">Reprise des formations DP au S\u00e9n\u00e9gal<\/figcaption><\/figure>\n<p><img decoding=\"async\" loading=\"lazy\" class=\"alignnone size-medium wp-image-1289\" src=\"https:\/\/www.gfaop.org\/institut\/wp-content\/uploads\/sites\/3\/2020\/12\/DP-se\u0301ne\u0301gal-nov-20-300x135.jpg\" alt=\"\" width=\"300\" height=\"135\" srcset=\"https:\/\/www.gfaop.org\/institut\/wp-content\/uploads\/sites\/3\/2020\/12\/DP-se\u0301ne\u0301gal-nov-20-300x135.jpg 300w, https:\/\/www.gfaop.org\/institut\/wp-content\/uploads\/sites\/3\/2020\/12\/DP-se\u0301ne\u0301gal-nov-20-768x346.jpg 768w, https:\/\/www.gfaop.org\/institut\/wp-content\/uploads\/sites\/3\/2020\/12\/DP-se\u0301ne\u0301gal-nov-20.jpg 960w\" sizes=\"(max-width: 300px) 100vw, 300px\" \/><\/p>\n<p>Ce programme est d\u00e9velopp\u00e9 par l\u2019Institut Jean Lemerle \u2013 Institut Africain de Formation \u00e0 l\u2019Oncologie P\u00e9diatrique et soutenu par une subvention de la Fondation Bristol Myers Squibb<\/p>\n<p>&nbsp;<\/p>\n<p>&nbsp;<\/p>\n","protected":false},"excerpt":{"rendered":"<p>Interrompu pendant plusieurs mois pour cause de pand\u00e9mie de COVID-19, le programme de formation au Diagnostic Pr\u00e9coce des cancers de l\u2019enfant a repris au mois de novembre S\u00e9n\u00e9gal. Ce sont ainsi 44 infirmiers, de la r\u00e9gion de Mbour qui ont pu apprendre \u00e0 identifier les premiers signes d\u2019un cancer et \u00e0 \u00a0r\u00e9f\u00e9rer rapidement l\u2019enfant vers [&hellip;]<\/p>\n","protected":false},"author":10,"featured_media":1290,"comment_status":"open","ping_status":"open","sticky":false,"template":"","format":"standard","meta":{"footnotes":"","_links_to":"","_links_to_target":""},"categories":[1],"tags":[],"yoast_head":"<!-- This site is optimized with the Yoast SEO Premium plugin v20.4 (Yoast SEO v20.4) - https:\/\/yoast.com\/wordpress\/plugins\/seo\/ -->\n<title>formation diagnostic pr\u00e9coce cancer enfant s\u00e9n\u00e9gal<\/title>\n<meta name=\"description\" content=\"Formation au S\u00e9n\u00e9gal pour reconnaitre et identifier les premiers signes d\u2019un cancer de l&#039;enfant et \u00e0 \u00a0r\u00e9f\u00e9rer rapidement vers l&#039;h\u00f4pital\" \/>\n<meta name=\"robots\" content=\"index, follow, max-snippet:-1, max-image-preview:large, max-video-preview:-1\" \/>\n<link rel=\"canonical\" href=\"https:\/\/www.gfaop.org\/institut\/blog\/2020\/12\/10\/les-formations-au-diagnostic-precoce-ont-pu-reprendre-au-senegal\/\" \/>\n<meta property=\"og:locale\" content=\"fr_FR\" \/>\n<meta property=\"og:type\" content=\"article\" \/>\n<meta property=\"og:title\" content=\"Les formations au diagnostic pr\u00e9coce ont pu reprendre au S\u00e9n\u00e9gal\" \/>\n<meta property=\"og:description\" content=\"Formation au S\u00e9n\u00e9gal pour reconnaitre et identifier les premiers signes d\u2019un cancer de l&#039;enfant et \u00e0 \u00a0r\u00e9f\u00e9rer rapidement vers l&#039;h\u00f4pital\" \/>\n<meta property=\"og:url\" content=\"https:\/\/www.gfaop.org\/institut\/blog\/2020\/12\/10\/les-formations-au-diagnostic-precoce-ont-pu-reprendre-au-senegal\/\" \/>\n<meta property=\"og:site_name\" content=\"Institut Jean Lemerle\" \/>\n<meta property=\"article:published_time\" content=\"2020-12-10T08:05:08+00:00\" \/>\n<meta property=\"og:image\" content=\"https:\/\/www.gfaop.org\/institut\/wp-content\/uploads\/sites\/3\/2020\/12\/se\u0301ne\u0301gal-nov-20.jpg\" \/>\n\t<meta property=\"og:image:width\" content=\"1000\" \/>\n\t<meta property=\"og:image:height\" content=\"750\" \/>\n\t<meta property=\"og:image:type\" content=\"image\/jpeg\" \/>\n<meta name=\"author\" content=\"milykim\" \/>\n<meta name=\"twitter:card\" content=\"summary_large_image\" \/>\n<meta name=\"twitter:label1\" content=\"\u00c9crit par\" \/>\n\t<meta name=\"twitter:data1\" content=\"milykim\" \/>\n\t<meta name=\"twitter:label2\" content=\"Dur\u00e9e de lecture estim\u00e9e\" \/>\n\t<meta name=\"twitter:data2\" content=\"1 minute\" \/>\n<script type=\"application\/ld+json\" class=\"yoast-schema-graph\">{\"@context\":\"https:\/\/schema.org\",\"@graph\":[{\"@type\":\"Article\",\"@id\":\"https:\/\/www.gfaop.org\/institut\/blog\/2020\/12\/10\/les-formations-au-diagnostic-precoce-ont-pu-reprendre-au-senegal\/#article\",\"isPartOf\":{\"@id\":\"https:\/\/www.gfaop.org\/institut\/blog\/2020\/12\/10\/les-formations-au-diagnostic-precoce-ont-pu-reprendre-au-senegal\/\"},\"author\":{\"name\":\"milykim\",\"@id\":\"https:\/\/www.gfaop.org\/institut\/#\/schema\/person\/332405c35c6225e9c9c32956767b5e28\"},\"headline\":\"Les formations au diagnostic pr\u00e9coce ont pu reprendre au S\u00e9n\u00e9gal\",\"datePublished\":\"2020-12-10T08:05:08+00:00\",\"dateModified\":\"2020-12-10T08:05:08+00:00\",\"mainEntityOfPage\":{\"@id\":\"https:\/\/www.gfaop.org\/institut\/blog\/2020\/12\/10\/les-formations-au-diagnostic-precoce-ont-pu-reprendre-au-senegal\/\"},\"wordCount\":136,\"commentCount\":0,\"publisher\":{\"@id\":\"https:\/\/www.gfaop.org\/institut\/#organization\"},\"articleSection\":[\"Uncategorized\"],\"inLanguage\":\"fr-FR\",\"potentialAction\":[{\"@type\":\"CommentAction\",\"name\":\"Comment\",\"target\":[\"https:\/\/www.gfaop.org\/institut\/blog\/2020\/12\/10\/les-formations-au-diagnostic-precoce-ont-pu-reprendre-au-senegal\/#respond\"]}]},{\"@type\":\"WebPage\",\"@id\":\"https:\/\/www.gfaop.org\/institut\/blog\/2020\/12\/10\/les-formations-au-diagnostic-precoce-ont-pu-reprendre-au-senegal\/\",\"url\":\"https:\/\/www.gfaop.org\/institut\/blog\/2020\/12\/10\/les-formations-au-diagnostic-precoce-ont-pu-reprendre-au-senegal\/\",\"name\":\"formation diagnostic pr\u00e9coce cancer enfant s\u00e9n\u00e9gal\",\"isPartOf\":{\"@id\":\"https:\/\/www.gfaop.org\/institut\/#website\"},\"datePublished\":\"2020-12-10T08:05:08+00:00\",\"dateModified\":\"2020-12-10T08:05:08+00:00\",\"description\":\"Formation au S\u00e9n\u00e9gal pour reconnaitre et identifier les premiers signes d\u2019un cancer de l'enfant et \u00e0 \u00a0r\u00e9f\u00e9rer rapidement vers l'h\u00f4pital\",\"breadcrumb\":{\"@id\":\"https:\/\/www.gfaop.org\/institut\/blog\/2020\/12\/10\/les-formations-au-diagnostic-precoce-ont-pu-reprendre-au-senegal\/#breadcrumb\"},\"inLanguage\":\"fr-FR\",\"potentialAction\":[{\"@type\":\"ReadAction\",\"target\":[\"https:\/\/www.gfaop.org\/institut\/blog\/2020\/12\/10\/les-formations-au-diagnostic-precoce-ont-pu-reprendre-au-senegal\/\"]}]},{\"@type\":\"BreadcrumbList\",\"@id\":\"https:\/\/www.gfaop.org\/institut\/blog\/2020\/12\/10\/les-formations-au-diagnostic-precoce-ont-pu-reprendre-au-senegal\/#breadcrumb\",\"itemListElement\":[{\"@type\":\"ListItem\",\"position\":1,\"name\":\"Accueil\",\"item\":\"https:\/\/www.gfaop.org\/institut\/\"},{\"@type\":\"ListItem\",\"position\":2,\"name\":\"Les formations au diagnostic pr\u00e9coce ont pu reprendre au S\u00e9n\u00e9gal\"}]},{\"@type\":\"WebSite\",\"@id\":\"https:\/\/www.gfaop.org\/institut\/#website\",\"url\":\"https:\/\/www.gfaop.org\/institut\/\",\"name\":\"Institut Jean Lemerle\",\"description\":\"\",\"publisher\":{\"@id\":\"https:\/\/www.gfaop.org\/institut\/#organization\"},\"potentialAction\":[{\"@type\":\"SearchAction\",\"target\":{\"@type\":\"EntryPoint\",\"urlTemplate\":\"https:\/\/www.gfaop.org\/institut\/?s={search_term_string}\"},\"query-input\":\"required name=search_term_string\"}],\"inLanguage\":\"fr-FR\"},{\"@type\":\"Organization\",\"@id\":\"https:\/\/www.gfaop.org\/institut\/#organization\",\"name\":\"Institut Jean Lemerle\",\"url\":\"https:\/\/www.gfaop.org\/institut\/\",\"logo\":{\"@type\":\"ImageObject\",\"inLanguage\":\"fr-FR\",\"@id\":\"https:\/\/www.gfaop.org\/institut\/#\/schema\/logo\/image\/\",\"url\":\"https:\/\/www.gfaop.org\/institut\/wp-content\/uploads\/sites\/3\/2024\/03\/GFAOP_Logo_Horizontal_baseline_sans_fond.png\",\"contentUrl\":\"https:\/\/www.gfaop.org\/institut\/wp-content\/uploads\/sites\/3\/2024\/03\/GFAOP_Logo_Horizontal_baseline_sans_fond.png\",\"width\":6211,\"height\":1821,\"caption\":\"Institut Jean Lemerle\"},\"image\":{\"@id\":\"https:\/\/www.gfaop.org\/institut\/#\/schema\/logo\/image\/\"}},{\"@type\":\"Person\",\"@id\":\"https:\/\/www.gfaop.org\/institut\/#\/schema\/person\/332405c35c6225e9c9c32956767b5e28\",\"name\":\"milykim\",\"image\":{\"@type\":\"ImageObject\",\"inLanguage\":\"fr-FR\",\"@id\":\"https:\/\/www.gfaop.org\/institut\/#\/schema\/person\/image\/\",\"url\":\"https:\/\/secure.gravatar.com\/avatar\/1701ea2c3c90dc5f07865ebcbb6b3eb7?s=96&d=mm&r=g\",\"contentUrl\":\"https:\/\/secure.gravatar.com\/avatar\/1701ea2c3c90dc5f07865ebcbb6b3eb7?s=96&d=mm&r=g\",\"caption\":\"milykim\"},\"url\":\"https:\/\/www.gfaop.org\/institut\/blog\/author\/milykim\/\"}]}<\/script>\n<!-- \/ Yoast SEO Premium plugin. -->","yoast_head_json":{"title":"formation diagnostic pr\u00e9coce cancer enfant s\u00e9n\u00e9gal","description":"Formation au S\u00e9n\u00e9gal pour reconnaitre et identifier les premiers signes d\u2019un cancer de l'enfant et \u00e0 \u00a0r\u00e9f\u00e9rer rapidement vers l'h\u00f4pital","robots":{"index":"index","follow":"follow","max-snippet":"max-snippet:-1","max-image-preview":"max-image-preview:large","max-video-preview":"max-video-preview:-1"},"canonical":"https:\/\/www.gfaop.org\/institut\/blog\/2020\/12\/10\/les-formations-au-diagnostic-precoce-ont-pu-reprendre-au-senegal\/","og_locale":"fr_FR","og_type":"article","og_title":"Les formations au diagnostic pr\u00e9coce ont pu reprendre au S\u00e9n\u00e9gal","og_description":"Formation au S\u00e9n\u00e9gal pour reconnaitre et identifier les premiers signes d\u2019un cancer de l'enfant et \u00e0 \u00a0r\u00e9f\u00e9rer rapidement vers l'h\u00f4pital","og_url":"https:\/\/www.gfaop.org\/institut\/blog\/2020\/12\/10\/les-formations-au-diagnostic-precoce-ont-pu-reprendre-au-senegal\/","og_site_name":"Institut Jean Lemerle","article_published_time":"2020-12-10T08:05:08+00:00","og_image":[{"width":1000,"height":750,"url":"https:\/\/www.gfaop.org\/institut\/wp-content\/uploads\/sites\/3\/2020\/12\/se\u0301ne\u0301gal-nov-20.jpg","type":"image\/jpeg"}],"author":"milykim","twitter_card":"summary_large_image","twitter_misc":{"\u00c9crit par":"milykim","Dur\u00e9e de lecture estim\u00e9e":"1 minute"},"schema":{"@context":"https:\/\/schema.org","@graph":[{"@type":"Article","@id":"https:\/\/www.gfaop.org\/institut\/blog\/2020\/12\/10\/les-formations-au-diagnostic-precoce-ont-pu-reprendre-au-senegal\/#article","isPartOf":{"@id":"https:\/\/www.gfaop.org\/institut\/blog\/2020\/12\/10\/les-formations-au-diagnostic-precoce-ont-pu-reprendre-au-senegal\/"},"author":{"name":"milykim","@id":"https:\/\/www.gfaop.org\/institut\/#\/schema\/person\/332405c35c6225e9c9c32956767b5e28"},"headline":"Les formations au diagnostic pr\u00e9coce ont pu reprendre au S\u00e9n\u00e9gal","datePublished":"2020-12-10T08:05:08+00:00","dateModified":"2020-12-10T08:05:08+00:00","mainEntityOfPage":{"@id":"https:\/\/www.gfaop.org\/institut\/blog\/2020\/12\/10\/les-formations-au-diagnostic-precoce-ont-pu-reprendre-au-senegal\/"},"wordCount":136,"commentCount":0,"publisher":{"@id":"https:\/\/www.gfaop.org\/institut\/#organization"},"articleSection":["Uncategorized"],"inLanguage":"fr-FR","potentialAction":[{"@type":"CommentAction","name":"Comment","target":["https:\/\/www.gfaop.org\/institut\/blog\/2020\/12\/10\/les-formations-au-diagnostic-precoce-ont-pu-reprendre-au-senegal\/#respond"]}]},{"@type":"WebPage","@id":"https:\/\/www.gfaop.org\/institut\/blog\/2020\/12\/10\/les-formations-au-diagnostic-precoce-ont-pu-reprendre-au-senegal\/","url":"https:\/\/www.gfaop.org\/institut\/blog\/2020\/12\/10\/les-formations-au-diagnostic-precoce-ont-pu-reprendre-au-senegal\/","name":"formation diagnostic pr\u00e9coce cancer enfant s\u00e9n\u00e9gal","isPartOf":{"@id":"https:\/\/www.gfaop.org\/institut\/#website"},"datePublished":"2020-12-10T08:05:08+00:00","dateModified":"2020-12-10T08:05:08+00:00","description":"Formation au S\u00e9n\u00e9gal pour reconnaitre et identifier les premiers signes d\u2019un cancer de l'enfant et \u00e0 \u00a0r\u00e9f\u00e9rer rapidement vers l'h\u00f4pital","breadcrumb":{"@id":"https:\/\/www.gfaop.org\/institut\/blog\/2020\/12\/10\/les-formations-au-diagnostic-precoce-ont-pu-reprendre-au-senegal\/#breadcrumb"},"inLanguage":"fr-FR","potentialAction":[{"@type":"ReadAction","target":["https:\/\/www.gfaop.org\/institut\/blog\/2020\/12\/10\/les-formations-au-diagnostic-precoce-ont-pu-reprendre-au-senegal\/"]}]},{"@type":"BreadcrumbList","@id":"https:\/\/www.gfaop.org\/institut\/blog\/2020\/12\/10\/les-formations-au-diagnostic-precoce-ont-pu-reprendre-au-senegal\/#breadcrumb","itemListElement":[{"@type":"ListItem","position":1,"name":"Accueil","item":"https:\/\/www.gfaop.org\/institut\/"},{"@type":"ListItem","position":2,"name":"Les formations au diagnostic pr\u00e9coce ont pu reprendre au S\u00e9n\u00e9gal"}]},{"@type":"WebSite","@id":"https:\/\/www.gfaop.org\/institut\/#website","url":"https:\/\/www.gfaop.org\/institut\/","name":"Institut Jean Lemerle","description":"","publisher":{"@id":"https:\/\/www.gfaop.org\/institut\/#organization"},"potentialAction":[{"@type":"SearchAction","target":{"@type":"EntryPoint","urlTemplate":"https:\/\/www.gfaop.org\/institut\/?s={search_term_string}"},"query-input":"required name=search_term_string"}],"inLanguage":"fr-FR"},{"@type":"Organization","@id":"https:\/\/www.gfaop.org\/institut\/#organization","name":"Institut Jean Lemerle","url":"https:\/\/www.gfaop.org\/institut\/","logo":{"@type":"ImageObject","inLanguage":"fr-FR","@id":"https:\/\/www.gfaop.org\/institut\/#\/schema\/logo\/image\/","url":"https:\/\/www.gfaop.org\/institut\/wp-content\/uploads\/sites\/3\/2024\/03\/GFAOP_Logo_Horizontal_baseline_sans_fond.png","contentUrl":"https:\/\/www.gfaop.org\/institut\/wp-content\/uploads\/sites\/3\/2024\/03\/GFAOP_Logo_Horizontal_baseline_sans_fond.png","width":6211,"height":1821,"caption":"Institut Jean Lemerle"},"image":{"@id":"https:\/\/www.gfaop.org\/institut\/#\/schema\/logo\/image\/"}},{"@type":"Person","@id":"https:\/\/www.gfaop.org\/institut\/#\/schema\/person\/332405c35c6225e9c9c32956767b5e28","name":"milykim","image":{"@type":"ImageObject","inLanguage":"fr-FR","@id":"https:\/\/www.gfaop.org\/institut\/#\/schema\/person\/image\/","url":"https:\/\/secure.gravatar.com\/avatar\/1701ea2c3c90dc5f07865ebcbb6b3eb7?s=96&d=mm&r=g","contentUrl":"https:\/\/secure.gravatar.com\/avatar\/1701ea2c3c90dc5f07865ebcbb6b3eb7?s=96&d=mm&r=g","caption":"milykim"},"url":"https:\/\/www.gfaop.org\/institut\/blog\/author\/milykim\/"}]}},"_links":{"self":[{"href":"https:\/\/www.gfaop.org\/institut\/wp-json\/wp\/v2\/posts\/1287"}],"collection":[{"href":"https:\/\/www.gfaop.org\/institut\/wp-json\/wp\/v2\/posts"}],"about":[{"href":"https:\/\/www.gfaop.org\/institut\/wp-json\/wp\/v2\/types\/post"}],"author":[{"embeddable":true,"href":"https:\/\/www.gfaop.org\/institut\/wp-json\/wp\/v2\/users\/10"}],"replies":[{"embeddable":true,"href":"https:\/\/www.gfaop.org\/institut\/wp-json\/wp\/v2\/comments?post=1287"}],"version-history":[{"count":1,"href":"https:\/\/www.gfaop.org\/institut\/wp-json\/wp\/v2\/posts\/1287\/revisions"}],"predecessor-version":[{"id":1291,"href":"https:\/\/www.gfaop.org\/institut\/wp-json\/wp\/v2\/posts\/1287\/revisions\/1291"}],"wp:featuredmedia":[{"embeddable":true,"href":"https:\/\/www.gfaop.org\/institut\/wp-json\/wp\/v2\/media\/1290"}],"wp:attachment":[{"href":"https:\/\/www.gfaop.org\/institut\/wp-json\/wp\/v2\/media?parent=1287"}],"wp:term":[{"taxonomy":"category","embeddable":true,"href":"https:\/\/www.gfaop.org\/institut\/wp-json\/wp\/v2\/categories?post=1287"},{"taxonomy":"post_tag","embeddable":true,"href":"https:\/\/www.gfaop.org\/institut\/wp-json\/wp\/v2\/tags?post=1287"}],"curies":[{"name":"wp","href":"https:\/\/api.w.org\/{rel}","templated":true}]}}