{"id":1293,"date":"2020-12-20T09:38:58","date_gmt":"2020-12-20T08:38:58","guid":{"rendered":"https:\/\/www.gfaop.org\/institut\/?p=1293"},"modified":"2020-12-20T09:50:20","modified_gmt":"2020-12-20T08:50:20","slug":"lancement-diagnostic-precoce-cancer-enfant-cote-divoire-gfaop","status":"publish","type":"post","link":"https:\/\/www.gfaop.org\/institut\/blog\/2020\/12\/20\/lancement-diagnostic-precoce-cancer-enfant-cote-divoire-gfaop\/","title":{"rendered":"D\u00e9c 2020, Lancement du programme Diagnostic Pr\u00e9coce des cancers de l\u2019enfant en C\u00f4te d&#8217;Ivoire"},"content":{"rendered":"<p>Abidjan, C\u00f4te d\u2019Ivoire,<\/p>\n<p><strong>Lancement du programme Diagnostic Pr\u00e9coce des cancers de l\u2019enfant \u00e9labor\u00e9 \u00e0 l\u2019Institut Jean Lemerle (Dakar) <\/strong><\/p>\n<p>Sous la tutelle du Minist\u00e8re de la sant\u00e9 et de l\u2019hygi\u00e8ne publique, un programme de formation au diagnostic pr\u00e9coce a \u00e9t\u00e9 mis en place aupr\u00e8s, de formateurs, d\u2019infirmiers et de conseillers communautaires du 30 novembre au 4 d\u00e9cembre dernier.<\/p>\n<p><strong>En C\u00f4te d\u2019Ivoire, on estime entre 900 et 1400 le nombre de nouveaux cas de cancer survenant chez des enfants, de moins de 15 ans, chaque ann\u00e9e<\/strong>. 30% parviennent aux structures sp\u00e9cifiques de prise en charge.<\/p>\n<p>La moiti\u00e9 des enfants admis dans ces unit\u00e9s sp\u00e9cifiques de prise en charge ne peut recevoir les traitements propos\u00e9s du fait d\u2019un cancer trop avanc\u00e9.<\/p>\n<p>Le programme de formation a permis de renforcer les connaissances de 70 prestataires de sant\u00e9 (m\u00e9decins, infirmiers, sages-femmes, conseillers communautaires) pour reconnaitre les premiers signes \u00e9vocateurs de ces tumeurs et r\u00e9f\u00e9rer rapidement les enfants dans les unit\u00e9s sp\u00e9cifiques de prise en charge.<\/p>\n<p><strong>Cette formation sera ensuite \u00e9tendue \u00e0 l\u2019ensemble des r\u00e9gions sanitaires du pays. Au terme de cette phase pilote d\u2019intensification, 272 prestataires de sant\u00e9 seront form\u00e9s.<\/strong><\/p>\n<p>Une collaboration a \u00e9t\u00e9 mise en place avec 3 associations\u00a0: la Fondation Soleterre, l\u2019Alliance Mondiale Contre le Cancer et l\u2019association de parents AEC de pour accompagner ces formations.<\/p>\n<p><strong>Ce programme est d\u00e9velopp\u00e9 par l\u2019Institut Jean Lemerle \u2013 Institut Africain de Formation \u00e0 l\u2019Oncologie P\u00e9diatrique et soutenu par la Fondation Bristol Myers Squibb<\/strong><\/p>\n","protected":false},"excerpt":{"rendered":"<p>Abidjan, C\u00f4te d\u2019Ivoire, Lancement du programme Diagnostic Pr\u00e9coce des cancers de l\u2019enfant \u00e9labor\u00e9 \u00e0 l\u2019Institut Jean Lemerle (Dakar) Sous la tutelle du Minist\u00e8re de la sant\u00e9 et de l\u2019hygi\u00e8ne publique, un programme de formation au diagnostic pr\u00e9coce a \u00e9t\u00e9 mis en place aupr\u00e8s, de formateurs, d\u2019infirmiers et de conseillers communautaires du 30 novembre au 4 [&hellip;]<\/p>\n","protected":false},"author":10,"featured_media":1296,"comment_status":"open","ping_status":"open","sticky":false,"template":"","format":"standard","meta":{"footnotes":"","_links_to":"","_links_to_target":""},"categories":[1],"tags":[],"yoast_head":"<!-- This site is optimized with the Yoast SEO Premium plugin v20.4 (Yoast SEO v20.4) - https:\/\/yoast.com\/wordpress\/plugins\/seo\/ -->\n<title>D\u00e9c 2020, Lancement du programme Diagnostic Pr\u00e9coce des cancers de l\u2019enfant en C\u00f4te d&#039;Ivoire - Institut Jean Lemerle<\/title>\n<meta name=\"description\" content=\"D\u00e9ploiement du programme de formation au diagnostic pr\u00e9coce des cancers des enfants pour les prestataires de sant\u00e9 en C\u00f4te d&#039;Ivoire\" \/>\n<meta name=\"robots\" content=\"index, follow, max-snippet:-1, max-image-preview:large, max-video-preview:-1\" \/>\n<link rel=\"canonical\" href=\"https:\/\/www.gfaop.org\/institut\/blog\/2020\/12\/20\/lancement-diagnostic-precoce-cancer-enfant-cote-divoire-gfaop\/\" \/>\n<meta property=\"og:locale\" content=\"fr_FR\" \/>\n<meta property=\"og:type\" content=\"article\" \/>\n<meta property=\"og:title\" content=\"D\u00e9c 2020, Lancement du programme Diagnostic Pr\u00e9coce des cancers de l\u2019enfant en C\u00f4te d&#039;Ivoire\" \/>\n<meta property=\"og:description\" content=\"D\u00e9ploiement du programme de formation au diagnostic pr\u00e9coce des cancers des enfants pour les prestataires de sant\u00e9 en C\u00f4te d&#039;Ivoire\" \/>\n<meta property=\"og:url\" content=\"https:\/\/www.gfaop.org\/institut\/blog\/2020\/12\/20\/lancement-diagnostic-precoce-cancer-enfant-cote-divoire-gfaop\/\" \/>\n<meta property=\"og:site_name\" content=\"Institut Jean Lemerle\" \/>\n<meta property=\"article:published_time\" content=\"2020-12-20T08:38:58+00:00\" \/>\n<meta property=\"article:modified_time\" content=\"2020-12-20T08:50:20+00:00\" \/>\n<meta property=\"og:image\" content=\"https:\/\/www.gfaop.org\/institut\/wp-content\/uploads\/sites\/3\/2020\/12\/PHOTO-2020-12-03-21-40-34.jpg\" \/>\n\t<meta property=\"og:image:width\" content=\"1080\" \/>\n\t<meta property=\"og:image:height\" content=\"607\" \/>\n\t<meta property=\"og:image:type\" content=\"image\/jpeg\" \/>\n<meta name=\"author\" content=\"milykim\" \/>\n<meta name=\"twitter:card\" content=\"summary_large_image\" \/>\n<meta name=\"twitter:label1\" content=\"\u00c9crit par\" \/>\n\t<meta name=\"twitter:data1\" content=\"milykim\" \/>\n\t<meta name=\"twitter:label2\" content=\"Dur\u00e9e de lecture estim\u00e9e\" \/>\n\t<meta name=\"twitter:data2\" content=\"1 minute\" \/>\n<script type=\"application\/ld+json\" class=\"yoast-schema-graph\">{\"@context\":\"https:\/\/schema.org\",\"@graph\":[{\"@type\":\"Article\",\"@id\":\"https:\/\/www.gfaop.org\/institut\/blog\/2020\/12\/20\/lancement-diagnostic-precoce-cancer-enfant-cote-divoire-gfaop\/#article\",\"isPartOf\":{\"@id\":\"https:\/\/www.gfaop.org\/institut\/blog\/2020\/12\/20\/lancement-diagnostic-precoce-cancer-enfant-cote-divoire-gfaop\/\"},\"author\":{\"name\":\"milykim\",\"@id\":\"https:\/\/www.gfaop.org\/institut\/#\/schema\/person\/332405c35c6225e9c9c32956767b5e28\"},\"headline\":\"D\u00e9c 2020, Lancement du programme Diagnostic Pr\u00e9coce des cancers de l\u2019enfant en C\u00f4te d&#8217;Ivoire\",\"datePublished\":\"2020-12-20T08:38:58+00:00\",\"dateModified\":\"2020-12-20T08:50:20+00:00\",\"mainEntityOfPage\":{\"@id\":\"https:\/\/www.gfaop.org\/institut\/blog\/2020\/12\/20\/lancement-diagnostic-precoce-cancer-enfant-cote-divoire-gfaop\/\"},\"wordCount\":276,\"commentCount\":0,\"publisher\":{\"@id\":\"https:\/\/www.gfaop.org\/institut\/#organization\"},\"articleSection\":[\"Uncategorized\"],\"inLanguage\":\"fr-FR\",\"potentialAction\":[{\"@type\":\"CommentAction\",\"name\":\"Comment\",\"target\":[\"https:\/\/www.gfaop.org\/institut\/blog\/2020\/12\/20\/lancement-diagnostic-precoce-cancer-enfant-cote-divoire-gfaop\/#respond\"]}]},{\"@type\":\"WebPage\",\"@id\":\"https:\/\/www.gfaop.org\/institut\/blog\/2020\/12\/20\/lancement-diagnostic-precoce-cancer-enfant-cote-divoire-gfaop\/\",\"url\":\"https:\/\/www.gfaop.org\/institut\/blog\/2020\/12\/20\/lancement-diagnostic-precoce-cancer-enfant-cote-divoire-gfaop\/\",\"name\":\"D\u00e9c 2020, Lancement du programme Diagnostic Pr\u00e9coce des cancers de l\u2019enfant en C\u00f4te d'Ivoire - Institut Jean Lemerle\",\"isPartOf\":{\"@id\":\"https:\/\/www.gfaop.org\/institut\/#website\"},\"datePublished\":\"2020-12-20T08:38:58+00:00\",\"dateModified\":\"2020-12-20T08:50:20+00:00\",\"description\":\"D\u00e9ploiement du programme de formation au diagnostic pr\u00e9coce des cancers des enfants pour les prestataires de sant\u00e9 en C\u00f4te d'Ivoire\",\"breadcrumb\":{\"@id\":\"https:\/\/www.gfaop.org\/institut\/blog\/2020\/12\/20\/lancement-diagnostic-precoce-cancer-enfant-cote-divoire-gfaop\/#breadcrumb\"},\"inLanguage\":\"fr-FR\",\"potentialAction\":[{\"@type\":\"ReadAction\",\"target\":[\"https:\/\/www.gfaop.org\/institut\/blog\/2020\/12\/20\/lancement-diagnostic-precoce-cancer-enfant-cote-divoire-gfaop\/\"]}]},{\"@type\":\"BreadcrumbList\",\"@id\":\"https:\/\/www.gfaop.org\/institut\/blog\/2020\/12\/20\/lancement-diagnostic-precoce-cancer-enfant-cote-divoire-gfaop\/#breadcrumb\",\"itemListElement\":[{\"@type\":\"ListItem\",\"position\":1,\"name\":\"Accueil\",\"item\":\"https:\/\/www.gfaop.org\/institut\/\"},{\"@type\":\"ListItem\",\"position\":2,\"name\":\"D\u00e9c 2020, Lancement du programme Diagnostic Pr\u00e9coce des cancers de l\u2019enfant en C\u00f4te d&#8217;Ivoire\"}]},{\"@type\":\"WebSite\",\"@id\":\"https:\/\/www.gfaop.org\/institut\/#website\",\"url\":\"https:\/\/www.gfaop.org\/institut\/\",\"name\":\"Institut Jean Lemerle\",\"description\":\"\",\"publisher\":{\"@id\":\"https:\/\/www.gfaop.org\/institut\/#organization\"},\"potentialAction\":[{\"@type\":\"SearchAction\",\"target\":{\"@type\":\"EntryPoint\",\"urlTemplate\":\"https:\/\/www.gfaop.org\/institut\/?s={search_term_string}\"},\"query-input\":\"required name=search_term_string\"}],\"inLanguage\":\"fr-FR\"},{\"@type\":\"Organization\",\"@id\":\"https:\/\/www.gfaop.org\/institut\/#organization\",\"name\":\"Institut Jean Lemerle\",\"url\":\"https:\/\/www.gfaop.org\/institut\/\",\"logo\":{\"@type\":\"ImageObject\",\"inLanguage\":\"fr-FR\",\"@id\":\"https:\/\/www.gfaop.org\/institut\/#\/schema\/logo\/image\/\",\"url\":\"https:\/\/www.gfaop.org\/institut\/wp-content\/uploads\/sites\/3\/2024\/03\/GFAOP_Logo_Horizontal_baseline_sans_fond.png\",\"contentUrl\":\"https:\/\/www.gfaop.org\/institut\/wp-content\/uploads\/sites\/3\/2024\/03\/GFAOP_Logo_Horizontal_baseline_sans_fond.png\",\"width\":6211,\"height\":1821,\"caption\":\"Institut Jean Lemerle\"},\"image\":{\"@id\":\"https:\/\/www.gfaop.org\/institut\/#\/schema\/logo\/image\/\"}},{\"@type\":\"Person\",\"@id\":\"https:\/\/www.gfaop.org\/institut\/#\/schema\/person\/332405c35c6225e9c9c32956767b5e28\",\"name\":\"milykim\",\"image\":{\"@type\":\"ImageObject\",\"inLanguage\":\"fr-FR\",\"@id\":\"https:\/\/www.gfaop.org\/institut\/#\/schema\/person\/image\/\",\"url\":\"https:\/\/secure.gravatar.com\/avatar\/1701ea2c3c90dc5f07865ebcbb6b3eb7?s=96&d=mm&r=g\",\"contentUrl\":\"https:\/\/secure.gravatar.com\/avatar\/1701ea2c3c90dc5f07865ebcbb6b3eb7?s=96&d=mm&r=g\",\"caption\":\"milykim\"},\"url\":\"https:\/\/www.gfaop.org\/institut\/blog\/author\/milykim\/\"}]}<\/script>\n<!-- \/ Yoast SEO Premium plugin. -->","yoast_head_json":{"title":"D\u00e9c 2020, Lancement du programme Diagnostic Pr\u00e9coce des cancers de l\u2019enfant en C\u00f4te d'Ivoire - Institut Jean Lemerle","description":"D\u00e9ploiement du programme de formation au diagnostic pr\u00e9coce des cancers des enfants pour les prestataires de sant\u00e9 en C\u00f4te d'Ivoire","robots":{"index":"index","follow":"follow","max-snippet":"max-snippet:-1","max-image-preview":"max-image-preview:large","max-video-preview":"max-video-preview:-1"},"canonical":"https:\/\/www.gfaop.org\/institut\/blog\/2020\/12\/20\/lancement-diagnostic-precoce-cancer-enfant-cote-divoire-gfaop\/","og_locale":"fr_FR","og_type":"article","og_title":"D\u00e9c 2020, Lancement du programme Diagnostic Pr\u00e9coce des cancers de l\u2019enfant en C\u00f4te d'Ivoire","og_description":"D\u00e9ploiement du programme de formation au diagnostic pr\u00e9coce des cancers des enfants pour les prestataires de sant\u00e9 en C\u00f4te d'Ivoire","og_url":"https:\/\/www.gfaop.org\/institut\/blog\/2020\/12\/20\/lancement-diagnostic-precoce-cancer-enfant-cote-divoire-gfaop\/","og_site_name":"Institut Jean Lemerle","article_published_time":"2020-12-20T08:38:58+00:00","article_modified_time":"2020-12-20T08:50:20+00:00","og_image":[{"width":1080,"height":607,"url":"https:\/\/www.gfaop.org\/institut\/wp-content\/uploads\/sites\/3\/2020\/12\/PHOTO-2020-12-03-21-40-34.jpg","type":"image\/jpeg"}],"author":"milykim","twitter_card":"summary_large_image","twitter_misc":{"\u00c9crit par":"milykim","Dur\u00e9e de lecture estim\u00e9e":"1 minute"},"schema":{"@context":"https:\/\/schema.org","@graph":[{"@type":"Article","@id":"https:\/\/www.gfaop.org\/institut\/blog\/2020\/12\/20\/lancement-diagnostic-precoce-cancer-enfant-cote-divoire-gfaop\/#article","isPartOf":{"@id":"https:\/\/www.gfaop.org\/institut\/blog\/2020\/12\/20\/lancement-diagnostic-precoce-cancer-enfant-cote-divoire-gfaop\/"},"author":{"name":"milykim","@id":"https:\/\/www.gfaop.org\/institut\/#\/schema\/person\/332405c35c6225e9c9c32956767b5e28"},"headline":"D\u00e9c 2020, Lancement du programme Diagnostic Pr\u00e9coce des cancers de l\u2019enfant en C\u00f4te d&#8217;Ivoire","datePublished":"2020-12-20T08:38:58+00:00","dateModified":"2020-12-20T08:50:20+00:00","mainEntityOfPage":{"@id":"https:\/\/www.gfaop.org\/institut\/blog\/2020\/12\/20\/lancement-diagnostic-precoce-cancer-enfant-cote-divoire-gfaop\/"},"wordCount":276,"commentCount":0,"publisher":{"@id":"https:\/\/www.gfaop.org\/institut\/#organization"},"articleSection":["Uncategorized"],"inLanguage":"fr-FR","potentialAction":[{"@type":"CommentAction","name":"Comment","target":["https:\/\/www.gfaop.org\/institut\/blog\/2020\/12\/20\/lancement-diagnostic-precoce-cancer-enfant-cote-divoire-gfaop\/#respond"]}]},{"@type":"WebPage","@id":"https:\/\/www.gfaop.org\/institut\/blog\/2020\/12\/20\/lancement-diagnostic-precoce-cancer-enfant-cote-divoire-gfaop\/","url":"https:\/\/www.gfaop.org\/institut\/blog\/2020\/12\/20\/lancement-diagnostic-precoce-cancer-enfant-cote-divoire-gfaop\/","name":"D\u00e9c 2020, Lancement du programme Diagnostic Pr\u00e9coce des cancers de l\u2019enfant en C\u00f4te d'Ivoire - Institut Jean Lemerle","isPartOf":{"@id":"https:\/\/www.gfaop.org\/institut\/#website"},"datePublished":"2020-12-20T08:38:58+00:00","dateModified":"2020-12-20T08:50:20+00:00","description":"D\u00e9ploiement du programme de formation au diagnostic pr\u00e9coce des cancers des enfants pour les prestataires de sant\u00e9 en C\u00f4te d'Ivoire","breadcrumb":{"@id":"https:\/\/www.gfaop.org\/institut\/blog\/2020\/12\/20\/lancement-diagnostic-precoce-cancer-enfant-cote-divoire-gfaop\/#breadcrumb"},"inLanguage":"fr-FR","potentialAction":[{"@type":"ReadAction","target":["https:\/\/www.gfaop.org\/institut\/blog\/2020\/12\/20\/lancement-diagnostic-precoce-cancer-enfant-cote-divoire-gfaop\/"]}]},{"@type":"BreadcrumbList","@id":"https:\/\/www.gfaop.org\/institut\/blog\/2020\/12\/20\/lancement-diagnostic-precoce-cancer-enfant-cote-divoire-gfaop\/#breadcrumb","itemListElement":[{"@type":"ListItem","position":1,"name":"Accueil","item":"https:\/\/www.gfaop.org\/institut\/"},{"@type":"ListItem","position":2,"name":"D\u00e9c 2020, Lancement du programme Diagnostic Pr\u00e9coce des cancers de l\u2019enfant en C\u00f4te d&#8217;Ivoire"}]},{"@type":"WebSite","@id":"https:\/\/www.gfaop.org\/institut\/#website","url":"https:\/\/www.gfaop.org\/institut\/","name":"Institut Jean Lemerle","description":"","publisher":{"@id":"https:\/\/www.gfaop.org\/institut\/#organization"},"potentialAction":[{"@type":"SearchAction","target":{"@type":"EntryPoint","urlTemplate":"https:\/\/www.gfaop.org\/institut\/?s={search_term_string}"},"query-input":"required name=search_term_string"}],"inLanguage":"fr-FR"},{"@type":"Organization","@id":"https:\/\/www.gfaop.org\/institut\/#organization","name":"Institut Jean Lemerle","url":"https:\/\/www.gfaop.org\/institut\/","logo":{"@type":"ImageObject","inLanguage":"fr-FR","@id":"https:\/\/www.gfaop.org\/institut\/#\/schema\/logo\/image\/","url":"https:\/\/www.gfaop.org\/institut\/wp-content\/uploads\/sites\/3\/2024\/03\/GFAOP_Logo_Horizontal_baseline_sans_fond.png","contentUrl":"https:\/\/www.gfaop.org\/institut\/wp-content\/uploads\/sites\/3\/2024\/03\/GFAOP_Logo_Horizontal_baseline_sans_fond.png","width":6211,"height":1821,"caption":"Institut Jean Lemerle"},"image":{"@id":"https:\/\/www.gfaop.org\/institut\/#\/schema\/logo\/image\/"}},{"@type":"Person","@id":"https:\/\/www.gfaop.org\/institut\/#\/schema\/person\/332405c35c6225e9c9c32956767b5e28","name":"milykim","image":{"@type":"ImageObject","inLanguage":"fr-FR","@id":"https:\/\/www.gfaop.org\/institut\/#\/schema\/person\/image\/","url":"https:\/\/secure.gravatar.com\/avatar\/1701ea2c3c90dc5f07865ebcbb6b3eb7?s=96&d=mm&r=g","contentUrl":"https:\/\/secure.gravatar.com\/avatar\/1701ea2c3c90dc5f07865ebcbb6b3eb7?s=96&d=mm&r=g","caption":"milykim"},"url":"https:\/\/www.gfaop.org\/institut\/blog\/author\/milykim\/"}]}},"_links":{"self":[{"href":"https:\/\/www.gfaop.org\/institut\/wp-json\/wp\/v2\/posts\/1293"}],"collection":[{"href":"https:\/\/www.gfaop.org\/institut\/wp-json\/wp\/v2\/posts"}],"about":[{"href":"https:\/\/www.gfaop.org\/institut\/wp-json\/wp\/v2\/types\/post"}],"author":[{"embeddable":true,"href":"https:\/\/www.gfaop.org\/institut\/wp-json\/wp\/v2\/users\/10"}],"replies":[{"embeddable":true,"href":"https:\/\/www.gfaop.org\/institut\/wp-json\/wp\/v2\/comments?post=1293"}],"version-history":[{"count":1,"href":"https:\/\/www.gfaop.org\/institut\/wp-json\/wp\/v2\/posts\/1293\/revisions"}],"predecessor-version":[{"id":1295,"href":"https:\/\/www.gfaop.org\/institut\/wp-json\/wp\/v2\/posts\/1293\/revisions\/1295"}],"wp:featuredmedia":[{"embeddable":true,"href":"https:\/\/www.gfaop.org\/institut\/wp-json\/wp\/v2\/media\/1296"}],"wp:attachment":[{"href":"https:\/\/www.gfaop.org\/institut\/wp-json\/wp\/v2\/media?parent=1293"}],"wp:term":[{"taxonomy":"category","embeddable":true,"href":"https:\/\/www.gfaop.org\/institut\/wp-json\/wp\/v2\/categories?post=1293"},{"taxonomy":"post_tag","embeddable":true,"href":"https:\/\/www.gfaop.org\/institut\/wp-json\/wp\/v2\/tags?post=1293"}],"curies":[{"name":"wp","href":"https:\/\/api.w.org\/{rel}","templated":true}]}}