

{"id":708,"date":"2020-03-06T17:57:49","date_gmt":"2020-03-06T17:57:49","guid":{"rendered":"http:\/\/www.gfaop.org\/institut\/?p=708"},"modified":"2020-05-28T07:11:37","modified_gmt":"2020-05-28T07:11:37","slug":"formation-des-formateurs-au-diagnostic-precoce-en-rdc","status":"publish","type":"post","link":"https:\/\/www.gfaop.org\/institut\/blog\/2020\/03\/06\/formation-des-formateurs-au-diagnostic-precoce-en-rdc\/","title":{"rendered":"Formation des formateurs au Diagnostic pr\u00e9coce en RDC"},"content":{"rendered":"\t\t<div data-elementor-type=\"wp-post\" data-elementor-id=\"708\" class=\"elementor elementor-708\">\n\t\t\t\t\t\t\t\t\t<section class=\"elementor-section elementor-top-section elementor-element elementor-element-5d5e1221 elementor-section-boxed elementor-section-height-default elementor-section-height-default\" data-id=\"5d5e1221\" data-element_type=\"section\">\n\t\t\t\t\t\t<div class=\"elementor-container elementor-column-gap-default\">\n\t\t\t\t\t<div class=\"elementor-column elementor-col-100 elementor-top-column elementor-element elementor-element-240e8da6\" data-id=\"240e8da6\" data-element_type=\"column\">\n\t\t\t<div class=\"elementor-widget-wrap elementor-element-populated\">\n\t\t\t\t\t\t\t\t<div class=\"elementor-element elementor-element-3a6bebd8 elementor-widget elementor-widget-heading\" data-id=\"3a6bebd8\" data-element_type=\"widget\" data-widget_type=\"heading.default\">\n\t\t\t\t<div class=\"elementor-widget-container\">\n\t\t\t<h2 class=\"elementor-heading-title elementor-size-default\">Formation des formateurs au Diagnostic pr\u00e9coce en RDC<\/h2>\t\t<\/div>\n\t\t\t\t<\/div>\n\t\t\t\t<section class=\"elementor-section elementor-inner-section elementor-element elementor-element-310713bc elementor-section-boxed elementor-section-height-default elementor-section-height-default\" data-id=\"310713bc\" data-element_type=\"section\">\n\t\t\t\t\t\t<div class=\"elementor-container elementor-column-gap-default\">\n\t\t\t\t\t<div class=\"elementor-column elementor-col-50 elementor-inner-column elementor-element elementor-element-38268c2a\" data-id=\"38268c2a\" data-element_type=\"column\">\n\t\t\t<div class=\"elementor-widget-wrap elementor-element-populated\">\n\t\t\t\t\t\t\t\t<div class=\"elementor-element elementor-element-1fe2fb84 elementor-widget elementor-widget-image\" data-id=\"1fe2fb84\" data-element_type=\"widget\" data-widget_type=\"image.default\">\n\t\t\t\t<div class=\"elementor-widget-container\">\n\t\t\t\t\t\t\t\t\t\t\t\t\t\t\t<img decoding=\"async\" loading=\"lazy\" width=\"800\" height=\"534\" src=\"https:\/\/www.gfaop.org\/institut\/wp-content\/uploads\/sites\/3\/2020\/03\/RDC-Dr-Lukamba-et-Ministre-provincial-de-sante\u0301-du-haut-Katanga-Dr-Joseph-Sambi-jpg-2-1024x683.jpg\" class=\"attachment-large size-large wp-image-723\" alt=\"\" srcset=\"https:\/\/www.gfaop.org\/institut\/wp-content\/uploads\/sites\/3\/2020\/03\/RDC-Dr-Lukamba-et-Ministre-provincial-de-sante\u0301-du-haut-Katanga-Dr-Joseph-Sambi-jpg-2-1024x683.jpg 1024w, https:\/\/www.gfaop.org\/institut\/wp-content\/uploads\/sites\/3\/2020\/03\/RDC-Dr-Lukamba-et-Ministre-provincial-de-sante\u0301-du-haut-Katanga-Dr-Joseph-Sambi-jpg-2-300x200.jpg 300w, https:\/\/www.gfaop.org\/institut\/wp-content\/uploads\/sites\/3\/2020\/03\/RDC-Dr-Lukamba-et-Ministre-provincial-de-sante\u0301-du-haut-Katanga-Dr-Joseph-Sambi-jpg-2-768x512.jpg 768w, https:\/\/www.gfaop.org\/institut\/wp-content\/uploads\/sites\/3\/2020\/03\/RDC-Dr-Lukamba-et-Ministre-provincial-de-sante\u0301-du-haut-Katanga-Dr-Joseph-Sambi-jpg-2.jpg 1080w\" sizes=\"(max-width: 800px) 100vw, 800px\" \/>\t\t\t\t\t\t\t\t\t\t\t\t\t\t\t<\/div>\n\t\t\t\t<\/div>\n\t\t\t\t\t<\/div>\n\t\t<\/div>\n\t\t\t\t<div class=\"elementor-column elementor-col-50 elementor-inner-column elementor-element elementor-element-29aaea78\" data-id=\"29aaea78\" data-element_type=\"column\">\n\t\t\t<div class=\"elementor-widget-wrap elementor-element-populated\">\n\t\t\t\t\t\t\t\t<div class=\"elementor-element elementor-element-f086bbe elementor-widget elementor-widget-text-editor\" data-id=\"f086bbe\" data-element_type=\"widget\" data-widget_type=\"text-editor.default\">\n\t\t\t\t<div class=\"elementor-widget-container\">\n\t\t\t\t\t\t\t<p>Le Docteur Joseph Sambi, Ministre provincial de la Sant\u00e9 du Haut Katanga et le Dr Robert Lukamba, chef de l&#8217;unit\u00e9 d&#8217;oncologie p\u00e9diatrique de Lubumbashi \u00e0 l&#8217;occasion de l&#8217;ouverture officielle de l&#8217;atelier de formation des formateurs au Diagnostic pr\u00e9coce. &#8220;Un renforcement des capacit\u00e9s gr\u00e2ce \u00e0 la formation de 25 personnes s\u00e9lectionn\u00e9es pour\u00a0 leur maitrise et exp\u00e9rience en dynamique communautaire et en science m\u00e9dicale en vue d&#8217;accroitre consid\u00e9rablement le taux de gu\u00e9rison des enfants atteints de cancer gr\u00e2ce au diagnostic pr\u00e9coce.&#8221; a d\u00e9clar\u00e9 le Ministre.<\/p>\t\t\t\t\t\t<\/div>\n\t\t\t\t<\/div>\n\t\t\t\t\t<\/div>\n\t\t<\/div>\n\t\t\t\t\t\t\t<\/div>\n\t\t<\/section>\n\t\t\t\t\t<\/div>\n\t\t<\/div>\n\t\t\t\t\t\t\t<\/div>\n\t\t<\/section>\n\t\t\t\t\t\t\t<\/div>\n\t\t","protected":false},"excerpt":{"rendered":"<p>Formation des formateurs au Diagnostic pr\u00e9coce en RDC Le Docteur Joseph Sambi, Ministre provincial de la Sant\u00e9 du Haut Katanga et le Dr Robert Lukamba, chef de l&#8217;unit\u00e9 d&#8217;oncologie p\u00e9diatrique de Lubumbashi \u00e0 l&#8217;occasion de l&#8217;ouverture officielle de l&#8217;atelier de formation des formateurs au Diagnostic pr\u00e9coce. &#8220;Un renforcement des capacit\u00e9s gr\u00e2ce \u00e0 la formation de [&hellip;]<\/p>\n","protected":false},"author":10,"featured_media":723,"comment_status":"open","ping_status":"open","sticky":false,"template":"","format":"standard","meta":{"footnotes":"","_links_to":"","_links_to_target":""},"categories":[1],"tags":[],"yoast_head":"<!-- This site is optimized with the Yoast SEO Premium plugin v20.4 (Yoast SEO v20.4) - https:\/\/yoast.com\/wordpress\/plugins\/seo\/ -->\n<title>Formation des formateurs au Diagnostic pr\u00e9coce en RDC - Institut Jean Lemerle<\/title>\n<meta name=\"robots\" content=\"index, follow, max-snippet:-1, max-image-preview:large, max-video-preview:-1\" \/>\n<link rel=\"canonical\" href=\"https:\/\/www.gfaop.org\/institut\/blog\/2020\/03\/06\/formation-des-formateurs-au-diagnostic-precoce-en-rdc\/\" \/>\n<meta property=\"og:locale\" content=\"fr_FR\" \/>\n<meta property=\"og:type\" content=\"article\" \/>\n<meta property=\"og:title\" content=\"Formation des formateurs au Diagnostic pr\u00e9coce en RDC\" \/>\n<meta property=\"og:description\" content=\"Formation des formateurs au Diagnostic pr\u00e9coce en RDC Le Docteur Joseph Sambi, Ministre provincial de la Sant\u00e9 du Haut Katanga et le Dr Robert Lukamba, chef de l&#8217;unit\u00e9 d&#8217;oncologie p\u00e9diatrique de Lubumbashi \u00e0 l&#8217;occasion de l&#8217;ouverture officielle de l&#8217;atelier de formation des formateurs au Diagnostic pr\u00e9coce. &#8220;Un renforcement des capacit\u00e9s gr\u00e2ce \u00e0 la formation de [&hellip;]\" \/>\n<meta property=\"og:url\" content=\"https:\/\/www.gfaop.org\/institut\/blog\/2020\/03\/06\/formation-des-formateurs-au-diagnostic-precoce-en-rdc\/\" \/>\n<meta property=\"og:site_name\" content=\"Institut Jean Lemerle\" \/>\n<meta property=\"article:published_time\" content=\"2020-03-06T17:57:49+00:00\" \/>\n<meta property=\"article:modified_time\" content=\"2020-05-28T07:11:37+00:00\" \/>\n<meta property=\"og:image\" content=\"https:\/\/www.gfaop.org\/institut\/wp-content\/uploads\/sites\/3\/2020\/03\/RDC-Dr-Lukamba-et-Ministre-provincial-de-sante\u0301-du-haut-Katanga-Dr-Joseph-Sambi-jpg-2.jpg\" \/>\n\t<meta property=\"og:image:width\" content=\"1080\" \/>\n\t<meta property=\"og:image:height\" content=\"720\" \/>\n\t<meta property=\"og:image:type\" content=\"image\/jpeg\" \/>\n<meta name=\"author\" content=\"milykim\" \/>\n<meta name=\"twitter:card\" content=\"summary_large_image\" \/>\n<meta name=\"twitter:label1\" content=\"\u00c9crit par\" \/>\n\t<meta name=\"twitter:data1\" content=\"milykim\" \/>\n\t<meta name=\"twitter:label2\" content=\"Dur\u00e9e de lecture estim\u00e9e\" \/>\n\t<meta name=\"twitter:data2\" content=\"1 minute\" \/>\n<script type=\"application\/ld+json\" class=\"yoast-schema-graph\">{\"@context\":\"https:\/\/schema.org\",\"@graph\":[{\"@type\":\"Article\",\"@id\":\"https:\/\/www.gfaop.org\/institut\/blog\/2020\/03\/06\/formation-des-formateurs-au-diagnostic-precoce-en-rdc\/#article\",\"isPartOf\":{\"@id\":\"https:\/\/www.gfaop.org\/institut\/blog\/2020\/03\/06\/formation-des-formateurs-au-diagnostic-precoce-en-rdc\/\"},\"author\":{\"name\":\"milykim\",\"@id\":\"https:\/\/www.gfaop.org\/institut\/#\/schema\/person\/332405c35c6225e9c9c32956767b5e28\"},\"headline\":\"Formation des formateurs au Diagnostic pr\u00e9coce en RDC\",\"datePublished\":\"2020-03-06T17:57:49+00:00\",\"dateModified\":\"2020-05-28T07:11:37+00:00\",\"mainEntityOfPage\":{\"@id\":\"https:\/\/www.gfaop.org\/institut\/blog\/2020\/03\/06\/formation-des-formateurs-au-diagnostic-precoce-en-rdc\/\"},\"wordCount\":111,\"commentCount\":0,\"publisher\":{\"@id\":\"https:\/\/www.gfaop.org\/institut\/#organization\"},\"articleSection\":[\"Uncategorized\"],\"inLanguage\":\"fr-FR\",\"potentialAction\":[{\"@type\":\"CommentAction\",\"name\":\"Comment\",\"target\":[\"https:\/\/www.gfaop.org\/institut\/blog\/2020\/03\/06\/formation-des-formateurs-au-diagnostic-precoce-en-rdc\/#respond\"]}]},{\"@type\":\"WebPage\",\"@id\":\"https:\/\/www.gfaop.org\/institut\/blog\/2020\/03\/06\/formation-des-formateurs-au-diagnostic-precoce-en-rdc\/\",\"url\":\"https:\/\/www.gfaop.org\/institut\/blog\/2020\/03\/06\/formation-des-formateurs-au-diagnostic-precoce-en-rdc\/\",\"name\":\"Formation des formateurs au Diagnostic pr\u00e9coce en RDC - Institut Jean Lemerle\",\"isPartOf\":{\"@id\":\"https:\/\/www.gfaop.org\/institut\/#website\"},\"datePublished\":\"2020-03-06T17:57:49+00:00\",\"dateModified\":\"2020-05-28T07:11:37+00:00\",\"breadcrumb\":{\"@id\":\"https:\/\/www.gfaop.org\/institut\/blog\/2020\/03\/06\/formation-des-formateurs-au-diagnostic-precoce-en-rdc\/#breadcrumb\"},\"inLanguage\":\"fr-FR\",\"potentialAction\":[{\"@type\":\"ReadAction\",\"target\":[\"https:\/\/www.gfaop.org\/institut\/blog\/2020\/03\/06\/formation-des-formateurs-au-diagnostic-precoce-en-rdc\/\"]}]},{\"@type\":\"BreadcrumbList\",\"@id\":\"https:\/\/www.gfaop.org\/institut\/blog\/2020\/03\/06\/formation-des-formateurs-au-diagnostic-precoce-en-rdc\/#breadcrumb\",\"itemListElement\":[{\"@type\":\"ListItem\",\"position\":1,\"name\":\"Accueil\",\"item\":\"https:\/\/www.gfaop.org\/institut\/\"},{\"@type\":\"ListItem\",\"position\":2,\"name\":\"Formation des formateurs au Diagnostic pr\u00e9coce en RDC\"}]},{\"@type\":\"WebSite\",\"@id\":\"https:\/\/www.gfaop.org\/institut\/#website\",\"url\":\"https:\/\/www.gfaop.org\/institut\/\",\"name\":\"Institut Jean Lemerle\",\"description\":\"\",\"publisher\":{\"@id\":\"https:\/\/www.gfaop.org\/institut\/#organization\"},\"potentialAction\":[{\"@type\":\"SearchAction\",\"target\":{\"@type\":\"EntryPoint\",\"urlTemplate\":\"https:\/\/www.gfaop.org\/institut\/?s={search_term_string}\"},\"query-input\":\"required name=search_term_string\"}],\"inLanguage\":\"fr-FR\"},{\"@type\":\"Organization\",\"@id\":\"https:\/\/www.gfaop.org\/institut\/#organization\",\"name\":\"Institut Jean Lemerle\",\"url\":\"https:\/\/www.gfaop.org\/institut\/\",\"logo\":{\"@type\":\"ImageObject\",\"inLanguage\":\"fr-FR\",\"@id\":\"https:\/\/www.gfaop.org\/institut\/#\/schema\/logo\/image\/\",\"url\":\"https:\/\/www.gfaop.org\/institut\/wp-content\/uploads\/sites\/3\/2024\/03\/GFAOP_Logo_Horizontal_baseline_sans_fond.png\",\"contentUrl\":\"https:\/\/www.gfaop.org\/institut\/wp-content\/uploads\/sites\/3\/2024\/03\/GFAOP_Logo_Horizontal_baseline_sans_fond.png\",\"width\":6211,\"height\":1821,\"caption\":\"Institut Jean Lemerle\"},\"image\":{\"@id\":\"https:\/\/www.gfaop.org\/institut\/#\/schema\/logo\/image\/\"}},{\"@type\":\"Person\",\"@id\":\"https:\/\/www.gfaop.org\/institut\/#\/schema\/person\/332405c35c6225e9c9c32956767b5e28\",\"name\":\"milykim\",\"image\":{\"@type\":\"ImageObject\",\"inLanguage\":\"fr-FR\",\"@id\":\"https:\/\/www.gfaop.org\/institut\/#\/schema\/person\/image\/\",\"url\":\"https:\/\/secure.gravatar.com\/avatar\/1701ea2c3c90dc5f07865ebcbb6b3eb7?s=96&d=mm&r=g\",\"contentUrl\":\"https:\/\/secure.gravatar.com\/avatar\/1701ea2c3c90dc5f07865ebcbb6b3eb7?s=96&d=mm&r=g\",\"caption\":\"milykim\"},\"url\":\"https:\/\/www.gfaop.org\/institut\/blog\/author\/milykim\/\"}]}<\/script>\n<!-- \/ Yoast SEO Premium plugin. -->","yoast_head_json":{"title":"Formation des formateurs au Diagnostic pr\u00e9coce en RDC - Institut Jean Lemerle","robots":{"index":"index","follow":"follow","max-snippet":"max-snippet:-1","max-image-preview":"max-image-preview:large","max-video-preview":"max-video-preview:-1"},"canonical":"https:\/\/www.gfaop.org\/institut\/blog\/2020\/03\/06\/formation-des-formateurs-au-diagnostic-precoce-en-rdc\/","og_locale":"fr_FR","og_type":"article","og_title":"Formation des formateurs au Diagnostic pr\u00e9coce en RDC","og_description":"Formation des formateurs au Diagnostic pr\u00e9coce en RDC Le Docteur Joseph Sambi, Ministre provincial de la Sant\u00e9 du Haut Katanga et le Dr Robert Lukamba, chef de l&#8217;unit\u00e9 d&#8217;oncologie p\u00e9diatrique de Lubumbashi \u00e0 l&#8217;occasion de l&#8217;ouverture officielle de l&#8217;atelier de formation des formateurs au Diagnostic pr\u00e9coce. &#8220;Un renforcement des capacit\u00e9s gr\u00e2ce \u00e0 la formation de [&hellip;]","og_url":"https:\/\/www.gfaop.org\/institut\/blog\/2020\/03\/06\/formation-des-formateurs-au-diagnostic-precoce-en-rdc\/","og_site_name":"Institut Jean Lemerle","article_published_time":"2020-03-06T17:57:49+00:00","article_modified_time":"2020-05-28T07:11:37+00:00","og_image":[{"width":1080,"height":720,"url":"https:\/\/www.gfaop.org\/institut\/wp-content\/uploads\/sites\/3\/2020\/03\/RDC-Dr-Lukamba-et-Ministre-provincial-de-sante\u0301-du-haut-Katanga-Dr-Joseph-Sambi-jpg-2.jpg","type":"image\/jpeg"}],"author":"milykim","twitter_card":"summary_large_image","twitter_misc":{"\u00c9crit par":"milykim","Dur\u00e9e de lecture estim\u00e9e":"1 minute"},"schema":{"@context":"https:\/\/schema.org","@graph":[{"@type":"Article","@id":"https:\/\/www.gfaop.org\/institut\/blog\/2020\/03\/06\/formation-des-formateurs-au-diagnostic-precoce-en-rdc\/#article","isPartOf":{"@id":"https:\/\/www.gfaop.org\/institut\/blog\/2020\/03\/06\/formation-des-formateurs-au-diagnostic-precoce-en-rdc\/"},"author":{"name":"milykim","@id":"https:\/\/www.gfaop.org\/institut\/#\/schema\/person\/332405c35c6225e9c9c32956767b5e28"},"headline":"Formation des formateurs au Diagnostic pr\u00e9coce en RDC","datePublished":"2020-03-06T17:57:49+00:00","dateModified":"2020-05-28T07:11:37+00:00","mainEntityOfPage":{"@id":"https:\/\/www.gfaop.org\/institut\/blog\/2020\/03\/06\/formation-des-formateurs-au-diagnostic-precoce-en-rdc\/"},"wordCount":111,"commentCount":0,"publisher":{"@id":"https:\/\/www.gfaop.org\/institut\/#organization"},"articleSection":["Uncategorized"],"inLanguage":"fr-FR","potentialAction":[{"@type":"CommentAction","name":"Comment","target":["https:\/\/www.gfaop.org\/institut\/blog\/2020\/03\/06\/formation-des-formateurs-au-diagnostic-precoce-en-rdc\/#respond"]}]},{"@type":"WebPage","@id":"https:\/\/www.gfaop.org\/institut\/blog\/2020\/03\/06\/formation-des-formateurs-au-diagnostic-precoce-en-rdc\/","url":"https:\/\/www.gfaop.org\/institut\/blog\/2020\/03\/06\/formation-des-formateurs-au-diagnostic-precoce-en-rdc\/","name":"Formation des formateurs au Diagnostic pr\u00e9coce en RDC - Institut Jean Lemerle","isPartOf":{"@id":"https:\/\/www.gfaop.org\/institut\/#website"},"datePublished":"2020-03-06T17:57:49+00:00","dateModified":"2020-05-28T07:11:37+00:00","breadcrumb":{"@id":"https:\/\/www.gfaop.org\/institut\/blog\/2020\/03\/06\/formation-des-formateurs-au-diagnostic-precoce-en-rdc\/#breadcrumb"},"inLanguage":"fr-FR","potentialAction":[{"@type":"ReadAction","target":["https:\/\/www.gfaop.org\/institut\/blog\/2020\/03\/06\/formation-des-formateurs-au-diagnostic-precoce-en-rdc\/"]}]},{"@type":"BreadcrumbList","@id":"https:\/\/www.gfaop.org\/institut\/blog\/2020\/03\/06\/formation-des-formateurs-au-diagnostic-precoce-en-rdc\/#breadcrumb","itemListElement":[{"@type":"ListItem","position":1,"name":"Accueil","item":"https:\/\/www.gfaop.org\/institut\/"},{"@type":"ListItem","position":2,"name":"Formation des formateurs au Diagnostic pr\u00e9coce en RDC"}]},{"@type":"WebSite","@id":"https:\/\/www.gfaop.org\/institut\/#website","url":"https:\/\/www.gfaop.org\/institut\/","name":"Institut Jean Lemerle","description":"","publisher":{"@id":"https:\/\/www.gfaop.org\/institut\/#organization"},"potentialAction":[{"@type":"SearchAction","target":{"@type":"EntryPoint","urlTemplate":"https:\/\/www.gfaop.org\/institut\/?s={search_term_string}"},"query-input":"required name=search_term_string"}],"inLanguage":"fr-FR"},{"@type":"Organization","@id":"https:\/\/www.gfaop.org\/institut\/#organization","name":"Institut Jean Lemerle","url":"https:\/\/www.gfaop.org\/institut\/","logo":{"@type":"ImageObject","inLanguage":"fr-FR","@id":"https:\/\/www.gfaop.org\/institut\/#\/schema\/logo\/image\/","url":"https:\/\/www.gfaop.org\/institut\/wp-content\/uploads\/sites\/3\/2024\/03\/GFAOP_Logo_Horizontal_baseline_sans_fond.png","contentUrl":"https:\/\/www.gfaop.org\/institut\/wp-content\/uploads\/sites\/3\/2024\/03\/GFAOP_Logo_Horizontal_baseline_sans_fond.png","width":6211,"height":1821,"caption":"Institut Jean Lemerle"},"image":{"@id":"https:\/\/www.gfaop.org\/institut\/#\/schema\/logo\/image\/"}},{"@type":"Person","@id":"https:\/\/www.gfaop.org\/institut\/#\/schema\/person\/332405c35c6225e9c9c32956767b5e28","name":"milykim","image":{"@type":"ImageObject","inLanguage":"fr-FR","@id":"https:\/\/www.gfaop.org\/institut\/#\/schema\/person\/image\/","url":"https:\/\/secure.gravatar.com\/avatar\/1701ea2c3c90dc5f07865ebcbb6b3eb7?s=96&d=mm&r=g","contentUrl":"https:\/\/secure.gravatar.com\/avatar\/1701ea2c3c90dc5f07865ebcbb6b3eb7?s=96&d=mm&r=g","caption":"milykim"},"url":"https:\/\/www.gfaop.org\/institut\/blog\/author\/milykim\/"}]}},"_links":{"self":[{"href":"https:\/\/www.gfaop.org\/institut\/wp-json\/wp\/v2\/posts\/708"}],"collection":[{"href":"https:\/\/www.gfaop.org\/institut\/wp-json\/wp\/v2\/posts"}],"about":[{"href":"https:\/\/www.gfaop.org\/institut\/wp-json\/wp\/v2\/types\/post"}],"author":[{"embeddable":true,"href":"https:\/\/www.gfaop.org\/institut\/wp-json\/wp\/v2\/users\/10"}],"replies":[{"embeddable":true,"href":"https:\/\/www.gfaop.org\/institut\/wp-json\/wp\/v2\/comments?post=708"}],"version-history":[{"count":0,"href":"https:\/\/www.gfaop.org\/institut\/wp-json\/wp\/v2\/posts\/708\/revisions"}],"wp:featuredmedia":[{"embeddable":true,"href":"https:\/\/www.gfaop.org\/institut\/wp-json\/wp\/v2\/media\/723"}],"wp:attachment":[{"href":"https:\/\/www.gfaop.org\/institut\/wp-json\/wp\/v2\/media?parent=708"}],"wp:term":[{"taxonomy":"category","embeddable":true,"href":"https:\/\/www.gfaop.org\/institut\/wp-json\/wp\/v2\/categories?post=708"},{"taxonomy":"post_tag","embeddable":true,"href":"https:\/\/www.gfaop.org\/institut\/wp-json\/wp\/v2\/tags?post=708"}],"curies":[{"name":"wp","href":"https:\/\/api.w.org\/{rel}","templated":true}]}}